{"id":3648,"date":"2026-03-07T10:24:37","date_gmt":"2026-03-07T09:24:37","guid":{"rendered":"https:\/\/ucranianos.es\/?p=3648"},"modified":"2026-03-07T10:24:37","modified_gmt":"2026-03-07T09:24:37","slug":"u-ispaniyi-zapuskayut-33-novi-radary-shvydkosti-shho-potribno-znaty-vodiyam","status":"publish","type":"post","link":"https:\/\/ucranianos.es\/es\/u-ispaniyi-zapuskayut-33-novi-radary-shvydkosti-shho-potribno-znaty-vodiyam\/","title":{"rendered":"Se ponen en marcha 33 nuevos radares de velocidad en Espa\u00f1a: qu\u00e9 deben saber los conductores"},"content":{"rendered":"<p>La Direcci\u00f3n General de Carreteras (DGT) ha puesto en marcha una importante operaci\u00f3n para reforzar el control de velocidad en las carreteras. Esta semana, se activaron 33 nuevos radares en 11 comunidades aut\u00f3nomas del pa\u00eds. Esto forma parte de un plan m\u00e1s amplio que incluye la instalaci\u00f3n de 122 nuevos puntos de control.<\/p>\n\n\n\n<h2 class=\"wp-block-heading\">\u00bfQu\u00e9 radares se instalaron?<\/h2>\n\n\n\n<p>El nuevo equipo consta de dos tipos de dispositivos:<\/p>\n\n\n\n<ul class=\"wp-block-list\">\n<li><strong>20 radares estacionarios<\/strong> \u2014 instalados permanentemente en tramos peligrosos de carreteras<\/li>\n<li><strong>13 sistemas de control de velocidad media<\/strong> \u2014 analizar la velocidad del veh\u00edculo en rutas m\u00e1s largas<\/li>\n<\/ul>\n\n\n\n<p>Seg\u00fan la DGT, 106 de los 122 puntos de control previstos ya est\u00e1n operativos. Los nuevos radares se suman a la red de vigilancia existente en las carreteras espa\u00f1olas.<\/p>\n\n\n\n<h2 class=\"wp-block-heading\">\u00bfD\u00f3nde est\u00e1n ubicados los nuevos dispositivos?<\/h2>\n\n\n\n<p>Se han instalado nuevos radares en toda Espa\u00f1a:<\/p>\n\n\n\n<ul class=\"wp-block-list\">\n<li>Andaluc\u00eda<\/li>\n<li>Madrid<\/li>\n<li>Galicia<\/li>\n<li>Canarias<\/li>\n<li>Castilla y Le\u00f3n<\/li>\n<li>Asturias<\/li>\n<li>Cantabria<\/li>\n<li>Arag\u00f3n<\/li>\n<li>Murcia<\/li>\n<li>Castilla-La Mancha<\/li>\n<\/ul>\n\n\n\n<p>Los nuevos radares han despertado especial inter\u00e9s en la provincia de Alicante, donde est\u00e1n instalados en las populares autov\u00edas A-31 y A-7. Estas carreteras se utilizan habitualmente para largos viajes hacia el sur del pa\u00eds.<\/p>\n\n\n\n<h2 class=\"wp-block-heading\">Periodo sin penalizaci\u00f3n<\/h2>\n\n\n\n<p>La DGT ha establecido un plazo de tres meses para que los conductores se adapten a los nuevos radares. Durante el primer mes de funcionamiento, los dispositivos no emitir\u00e1n multas. En su lugar, se enviar\u00e1 a los conductores... <strong>advertencias escritas<\/strong> sobre el exceso de velocidad.<\/p>\n\n\n\n<p>Esto les da tiempo a los conductores para acostumbrarse a las nuevas ubicaciones de los controles y ajustar su estilo de conducci\u00f3n sin consecuencias financieras.<\/p>\n\n\n\n<h2 class=\"wp-block-heading\">\u00bfCu\u00e1l es el objetivo de los nuevos radares?<\/h2>\n\n\n\n<p>El objetivo principal de implementar nuevos sistemas de control es <strong>reducir el n\u00famero de accidentes de tr\u00e1fico<\/strong> En tramos peligrosos de la carretera. Seg\u00fan las estad\u00edsticas, el exceso de velocidad es una de las principales causas de accidentes graves y mortales en las carreteras espa\u00f1olas.<\/p>\n\n\n\n<p>La DGT se ha centrado en las regiones con mayor siniestralidad, donde los nuevos radares tienen el m\u00e1ximo efecto.<\/p>\n\n\n\n<h2 class=\"wp-block-heading\">Consejos para conductores<\/h2>\n\n\n\n<p>Si conduces en Espa\u00f1a, es buena idea respetar los l\u00edmites de velocidad establecidos:<\/p>\n\n\n\n<ul class=\"wp-block-list\">\n<li>En autopistas (autopistas) - m\u00e1ximo 120 km\/h<\/li>\n<li>En autov\u00edas: m\u00e1ximo 100 km\/h<\/li>\n<li>En carreteras normales fuera de zonas pobladas: m\u00e1ximo 90 km\/h<\/li>\n<li>En zonas pobladas - m\u00e1ximo 50 km\/h<\/li>\n<\/ul>\n\n\n\n<p>Aprovechando el periodo de alerta, puede adaptarse a las nuevas ubicaciones de los radares y mantener su seguridad y la de sus pasajeros. Respetar el l\u00edmite de velocidad no solo evita multas, sino que tambi\u00e9n garantiza su propia seguridad vial.<\/p>","protected":false},"excerpt":{"rendered":"<p>La polic\u00eda de tr\u00e1fico espa\u00f1ola ha activado 33 nuevos radares de velocidad en 11 comunidades aut\u00f3nomas del pa\u00eds. Durante su primer mes de funcionamiento, los nuevos dispositivos solo enviar\u00e1n avisos a los conductores, sin multas.<\/p>","protected":false},"author":1,"featured_media":3647,"comment_status":"open","ping_status":"open","sticky":false,"template":"","format":"standard","meta":{"_acf_changed":false,"footnotes":""},"categories":[461,463,471,485,488,490,510,515,511,12,9],"tags":[],"class_list":["post-3648","post","type-post","status-publish","format-standard","has-post-thumbnail","hentry","category-province-alicante","category-province-asturias","category-province-cantabria","category-province-leon","category-province-madrid","category-province-murcia","category-province-andalusia","category-province-aragon","category-province-galicia","category-mista","category-czikavo"],"acf":[],"_links":{"self":[{"href":"https:\/\/ucranianos.es\/es\/wp-json\/wp\/v2\/posts\/3648","targetHints":{"allow":["GET"]}}],"collection":[{"href":"https:\/\/ucranianos.es\/es\/wp-json\/wp\/v2\/posts"}],"about":[{"href":"https:\/\/ucranianos.es\/es\/wp-json\/wp\/v2\/types\/post"}],"author":[{"embeddable":true,"href":"https:\/\/ucranianos.es\/es\/wp-json\/wp\/v2\/users\/1"}],"replies":[{"embeddable":true,"href":"https:\/\/ucranianos.es\/es\/wp-json\/wp\/v2\/comments?post=3648"}],"version-history":[{"count":1,"href":"https:\/\/ucranianos.es\/es\/wp-json\/wp\/v2\/posts\/3648\/revisions"}],"predecessor-version":[{"id":3649,"href":"https:\/\/ucranianos.es\/es\/wp-json\/wp\/v2\/posts\/3648\/revisions\/3649"}],"wp:featuredmedia":[{"embeddable":true,"href":"https:\/\/ucranianos.es\/es\/wp-json\/wp\/v2\/media\/3647"}],"wp:attachment":[{"href":"https:\/\/ucranianos.es\/es\/wp-json\/wp\/v2\/media?parent=3648"}],"wp:term":[{"taxonomy":"category","embeddable":true,"href":"https:\/\/ucranianos.es\/es\/wp-json\/wp\/v2\/categories?post=3648"},{"taxonomy":"post_tag","embeddable":true,"href":"https:\/\/ucranianos.es\/es\/wp-json\/wp\/v2\/tags?post=3648"}],"curies":[{"name":"gracias","href":"https:\/\/api.w.org\/{rel}","templated":true}]}}